{"id":3751,"date":"2021-03-19T17:54:55","date_gmt":"2021-03-19T16:54:55","guid":{"rendered":"https:\/\/xn--hrsholmnyheder-qqb.dk\/?p=3751"},"modified":"2021-03-19T17:54:55","modified_gmt":"2021-03-19T16:54:55","slug":"9-og-10-klasser-tilbage-i-skolen","status":"publish","type":"post","link":"https:\/\/xn--hrsholmnyheder-qqb.dk\/?p=3751","title":{"rendered":"9. og 10. klasser tilbage i skolen"},"content":{"rendered":"\n<p class=\"wp-block-paragraph\"><em>Valler\u00f8d Skole &#8211; Foto: Peter Brandi\u00a9<\/em><\/p>\n\n\n\n<h4 class=\"wp-block-heading\">H\u00f8rsholm Kommune har i dag udsendt brev til for\u00e6ldre med b\u00f8rn i 9. og 10.klasser.<\/h4>\n\n\n\n<p class=\"wp-block-paragraph\">P\u00e5 statsministeriets hjemmeside er det offentliggjort, at partierne er enige om en yderligere gen\u00e5bning \u2013 g\u00e6ldende fra mandag den 22. marts 2021.<\/p>\n\n\n\n<p class=\"wp-block-paragraph\">P\u00e5 skoleomr\u00e5det betyder det, at 9. klasser og kommunens 10. klasse kan komme tilbage i skole efter samme model, som g\u00e6lder for det \u00f8vrige Danmark. (Dog undtaget Bornholm, som har s\u00e6rlige retningslinjer.)<\/p>\n\n\n\n<p class=\"wp-block-paragraph\">Eleverne i 9. og 10. klasse skal m\u00f8de op p\u00e5 skolen hver anden uge og hver anden uge modtage n\u00f8dundervisning hjemmefra.<\/p>\n\n\n\n<div class=\"wp-block-image\"><figure class=\"alignright size-large is-resized\"><img loading=\"lazy\" decoding=\"async\" src=\"https:\/\/xn--hrsholmnyheder-qqb.dk\/wp-content\/uploads\/2021\/03\/190926-Valleroed-skole-RES-135.jpg\" alt=\"\" class=\"wp-image-3753\" width=\"420\" height=\"280\" srcset=\"https:\/\/xn--hrsholmnyheder-qqb.dk\/wp-content\/uploads\/2021\/03\/190926-Valleroed-skole-RES-135.jpg 900w, https:\/\/xn--hrsholmnyheder-qqb.dk\/wp-content\/uploads\/2021\/03\/190926-Valleroed-skole-RES-135-300x200.jpg 300w, https:\/\/xn--hrsholmnyheder-qqb.dk\/wp-content\/uploads\/2021\/03\/190926-Valleroed-skole-RES-135-768x512.jpg 768w, https:\/\/xn--hrsholmnyheder-qqb.dk\/wp-content\/uploads\/2021\/03\/190926-Valleroed-skole-RES-135-16x12.jpg 16w, https:\/\/xn--hrsholmnyheder-qqb.dk\/wp-content\/uploads\/2021\/03\/190926-Valleroed-skole-RES-135-640x427.jpg 640w\" sizes=\"auto, (max-width: 420px) 100vw, 420px\" \/><figcaption><em>Valler\u00f8d Skole &#8211; Foto: Peter Brandi\u00a9<\/em><\/figcaption><\/figure><\/div>\n\n\n\n<p class=\"wp-block-paragraph\">Hvilke klasser der har fysisk fremm\u00f8de i den kommende uge og hvilke klasser der modtager n\u00f8dundervisning hjemmefra (og derved f\u00f8rst skal m\u00f8de fysisk op p\u00e5 skolen efter p\u00e5ske), vil blive oplyst fra den enkelte skole.<\/p>\n\n\n\n<p class=\"wp-block-paragraph\"><strong>Ang. testning<\/strong><br>H\u00f8rsholm Kommune opfordrer elever i 9. \u2013 10. klasse til at lade sig teste indenfor 72 timer f\u00f8r eleven m\u00f8der fysisk p\u00e5 skolen. B\u00f8rne- og Undervisningsministeriet oplyser desuden, at alle elever over 12 \u00e5r, som har fysisk fremm\u00f8de, opfordres kraftigt til at lade sig teste to gange ugentligt.<\/p>\n\n\n\n<h4 class=\"wp-block-heading\"><strong>Her er en kopi af selve brevet:<\/strong><\/h4>\n\n\n\n<p class=\"wp-block-paragraph\">K\u00e6re for\u00e6ldre til elever i 9. klasser og 10. klasse<\/p>\n\n\n\n<p class=\"wp-block-paragraph\">P\u00e5 statsministeriets hjemmeside er det offentliggjort, at partierne er enige om en yderligere gen\u00e5bning \u2013 g\u00e6ldende fra mandag den 22. marts 2021.<\/p>\n\n\n\n<p class=\"wp-block-paragraph\">P\u00e5 skoleomr\u00e5det betyder det, at 9. klasser og kommunens 10. klasse kan komme tilbage i skole efter samme model, som g\u00e6lder for det \u00f8vrige Danmark. (Dog undtaget Bornholm, som har s\u00e6rlige retningslinjer.)<\/p>\n\n\n\n<p class=\"wp-block-paragraph\">Eleverne i 9. og 10. klasse skal m\u00f8de op p\u00e5 skolen hver anden uge og hver anden uge modtage n\u00f8dundervisning hjemmefra.<\/p>\n\n\n\n<p class=\"wp-block-paragraph\">Hvilke klasser der har fysisk fremm\u00f8de i den kommende uge og hvilke klasser der modtager n\u00f8dundervisning hjemmefra (og derved f\u00f8rst skal m\u00f8de fysisk op p\u00e5 skolen efter p\u00e5ske), vil I blive oplyst om fra jeres barns skole.<\/p>\n\n\n\n<p class=\"wp-block-paragraph\">Det er bekendtg\u00f8relsen om n\u00f8dundervisning, som skolerne planl\u00e6gger ud fra, og der vil derfor v\u00e6re enkelte fag, som der ikke undervises i eller hvor undervisningen finder sted i mindre omfang.<\/p>\n\n\n\n<p class=\"wp-block-paragraph\">S\u00e5rbare elever og l\u00e6seklasserne er fortsat undtaget for hjemsendelse. For disse elever vil der fortsat v\u00e6re skolegang fysisk p\u00e5 deres skole i alle uger.<\/p>\n\n\n\n<p class=\"wp-block-paragraph\">Ang\u00e5ende testning:<\/p>\n\n\n\n<p class=\"wp-block-paragraph\">Elever i 9. \u2013 10. klasse opfordres til at lade sig teste indenfor 72 timer f\u00f8r eleven m\u00f8der fysisk p\u00e5 skolen. I kan se p\u00e5 H\u00f8rsholm kommunes hjemmeside, hvor det er muligt at blive testet.<\/p>\n\n\n\n<p class=\"wp-block-paragraph\">B\u00f8rne- og Undervisningsministeriet oplyser desuden, at alle elever over 12 \u00e5r, som har fysisk fremm\u00f8de, opfordres kraftigt til at lade sig teste to gange ugentligt.<\/p>\n\n\n\n<p class=\"wp-block-paragraph\">Jeg vil bede jer om at f\u00f8lge disse opfordringer, s\u00e5 vi fortsat g\u00f8r hvad vi kan for at hindre smittespredning.<\/p>\n\n\n\n<p class=\"wp-block-paragraph\">Efter p\u00e5ske vil der blive etableret en testl\u00f8sning p\u00e5 den enkelte skole \u2013 og I vil blive orienteret n\u00e6rmere om dette.<\/p>\n\n\n\n<p class=\"wp-block-paragraph\">Som jeg skrev ovenfor, vil I h\u00f8re n\u00e6rmere fra jeres barns skole om hvilken uge jeres barns klasse skal m\u00f8de fysisk p\u00e5 skolen.<\/p>\n\n\n\n<p class=\"wp-block-paragraph\">Har I sp\u00f8rgsm\u00e5l, er I velkomne til at kontakte skolelederen p\u00e5 jeres barns skole.<\/p>\n\n\n\n<p class=\"wp-block-paragraph\">Venlig hilsen,<\/p>\n\n\n\n<p class=\"wp-block-paragraph\">Hanna Bohn Vinkel<\/p>\n","protected":false},"excerpt":{"rendered":"<p>Valler\u00f8d Skole &#8211; Foto: Peter Brandi\u00a9 H\u00f8rsholm Kommune har i dag udsendt brev til for\u00e6ldre med b\u00f8rn i 9. og 10.klasser. P\u00e5 statsministeriets hjemmeside er det offentliggjort, at partierne er enige om en yderligere gen\u00e5bning \u2013 g\u00e6ldende fra mandag den 22. marts 2021. P\u00e5 skoleomr\u00e5det betyder det, at 9. klasser og kommunens 10. klasse kan&hellip;<\/p>\n","protected":false},"author":1,"featured_media":3752,"comment_status":"closed","ping_status":"closed","sticky":false,"template":"","format":"standard","meta":{"_monsterinsights_skip_tracking":false,"footnotes":""},"categories":[10,8],"tags":[],"class_list":["post-3751","post","type-post","status-publish","format-standard","has-post-thumbnail","hentry","category-boern-og-skole","category-sundhed"],"_links":{"self":[{"href":"https:\/\/xn--hrsholmnyheder-qqb.dk\/index.php?rest_route=\/wp\/v2\/posts\/3751","targetHints":{"allow":["GET"]}}],"collection":[{"href":"https:\/\/xn--hrsholmnyheder-qqb.dk\/index.php?rest_route=\/wp\/v2\/posts"}],"about":[{"href":"https:\/\/xn--hrsholmnyheder-qqb.dk\/index.php?rest_route=\/wp\/v2\/types\/post"}],"author":[{"embeddable":true,"href":"https:\/\/xn--hrsholmnyheder-qqb.dk\/index.php?rest_route=\/wp\/v2\/users\/1"}],"replies":[{"embeddable":true,"href":"https:\/\/xn--hrsholmnyheder-qqb.dk\/index.php?rest_route=%2Fwp%2Fv2%2Fcomments&post=3751"}],"version-history":[{"count":1,"href":"https:\/\/xn--hrsholmnyheder-qqb.dk\/index.php?rest_route=\/wp\/v2\/posts\/3751\/revisions"}],"predecessor-version":[{"id":3754,"href":"https:\/\/xn--hrsholmnyheder-qqb.dk\/index.php?rest_route=\/wp\/v2\/posts\/3751\/revisions\/3754"}],"wp:featuredmedia":[{"embeddable":true,"href":"https:\/\/xn--hrsholmnyheder-qqb.dk\/index.php?rest_route=\/wp\/v2\/media\/3752"}],"wp:attachment":[{"href":"https:\/\/xn--hrsholmnyheder-qqb.dk\/index.php?rest_route=%2Fwp%2Fv2%2Fmedia&parent=3751"}],"wp:term":[{"taxonomy":"category","embeddable":true,"href":"https:\/\/xn--hrsholmnyheder-qqb.dk\/index.php?rest_route=%2Fwp%2Fv2%2Fcategories&post=3751"},{"taxonomy":"post_tag","embeddable":true,"href":"https:\/\/xn--hrsholmnyheder-qqb.dk\/index.php?rest_route=%2Fwp%2Fv2%2Ftags&post=3751"}],"curies":[{"name":"wp","href":"https:\/\/api.w.org\/{rel}","templated":true}]}}