{"id":4455,"date":"2021-11-12T22:04:09","date_gmt":"2021-11-12T21:04:09","guid":{"rendered":"https:\/\/xn--hrsholmnyheder-qqb.dk\/?p=4455"},"modified":"2021-11-12T22:04:09","modified_gmt":"2021-11-12T21:04:09","slug":"handleplan-for-kvalitetsforbedring-af-hjemmeplejen-godkendt-politisk","status":"publish","type":"post","link":"https:\/\/xn--hrsholmnyheder-qqb.dk\/?p=4455","title":{"rendered":"Handleplan for kvalitetsforbedring af Hjemmeplejen godkendt politisk"},"content":{"rendered":"\n<p class=\"wp-block-paragraph\"><em>Af Peter Brandi \u2013 Foto: Peter Brand\u00a9<\/em><\/p>\n\n\n\n<h4 class=\"wp-block-heading\">I en ny tilsynsrapport kritiseres hjemmeplejen for arbejdet med medicinh\u00e5ndtering, sundhedsfaglig dokumentation og for borgernes oplevelse af praktisk bistand.<\/h4>\n\n\n\n<p class=\"wp-block-paragraph\">Social- og Seniorudvalget godkendte p\u00e5 sit ekstraordin\u00e6re m\u00f8de den 12. november 2021 forslag til en handleplan for opf\u00f8lgning p\u00e5 tilsynet med hjemmeplejen.<\/p>\n\n\n\n<p class=\"wp-block-paragraph\">Social- og Seniorudvalget behandlede p\u00e5 et ekstraordin\u00e6rt m\u00f8de den 12. november en handleplan, der skal l\u00f8fte kvaliteten i hjemmeplejen.<\/p>\n\n\n\n<p class=\"wp-block-paragraph\">Handleplanen har fem dele:<\/p>\n\n\n\n<ol class=\"wp-block-list\" type=\"A\"><li>Centerchefen rykker t\u00e6ttere p\u00e5<\/li><li>Mere konsekvensl\u00e6ring af og opf\u00f8lgning p\u00e5 fejl<\/li><li>N\u00e6rmere vurdering af sygeplejerske-normeringen<\/li><li>Generationsskifte i hjemmeplejen<\/li><li>Punkt-for-punkt opf\u00f8lgning p\u00e5 tilsynsrapporten.<\/li><\/ol>\n\n\n\n<p class=\"wp-block-paragraph\"><em>L\u00e6s indholdet i de 5 punkter l\u00e6ngere nede i artiklsen<\/em><\/p>\n\n\n\n<div class=\"wp-block-image\"><figure class=\"alignright size-full is-resized\"><img loading=\"lazy\" decoding=\"async\" src=\"https:\/\/xn--hrsholmnyheder-qqb.dk\/wp-content\/uploads\/2021\/11\/191015-Jan-Dehn-Direktaar-for-Boern-og-Kultur-Frit-res.jpg\" alt=\"\" class=\"wp-image-4457\" width=\"176\" height=\"264\" srcset=\"https:\/\/xn--hrsholmnyheder-qqb.dk\/wp-content\/uploads\/2021\/11\/191015-Jan-Dehn-Direktaar-for-Boern-og-Kultur-Frit-res.jpg 600w, https:\/\/xn--hrsholmnyheder-qqb.dk\/wp-content\/uploads\/2021\/11\/191015-Jan-Dehn-Direktaar-for-Boern-og-Kultur-Frit-res-200x300.jpg 200w, https:\/\/xn--hrsholmnyheder-qqb.dk\/wp-content\/uploads\/2021\/11\/191015-Jan-Dehn-Direktaar-for-Boern-og-Kultur-Frit-res-8x12.jpg 8w\" sizes=\"auto, (max-width: 176px) 100vw, 176px\" \/><figcaption><em>Velf\u00e6rds- og Kulturdirekt\u00f8r, Jan Dehn &#8211; Foto: Peter Brandi\u00a9<\/em><\/figcaption><\/figure><\/div>\n\n\n\n<p class=\"wp-block-paragraph\"><\/p>\n\n\n\n<p class=\"wp-block-paragraph\">Social- og Seniorudvalget tiltr\u00e5dte handleplanen og noterede sig med tilfredshed, at hjemmeplejen er i fuld gang med at gennemg\u00e5 medicin-h\u00e5ndteringen, bemande sygeplejerske-stillingerne og sikre at reng\u00f8ringen og den \u00f8vrige praktiske hj\u00e6lp leveres til tiden og med god kvalitet.<\/p>\n\n\n\n<p class=\"wp-block-paragraph\">\u201dVi er glade for den beslutning, som udvalget har truffet. Med den politiske opbakning kan vi s\u00e6tte fuldt tryk p\u00e5 opf\u00f8lgningen af tilsynsrapporten,\u201d udtaler Velf\u00e6rds- og Kulturdirekt\u00f8r, Jan Dehn.<\/p>\n\n\n\n<p class=\"wp-block-paragraph\"><strong>A) Centerchefen rykker t\u00e6ttere p\u00e5<br><\/strong>Administrationen vurderer, at der ledelsesm\u00e6ssigt fremadrettet skal v\u00e6re mere fokus p\u00e5 at skabe de n\u00f8dvendige rammer for en optimal drift af hjemmeplejen. Som f\u00f8lge af dels tilsynsrapportens resultater, dels et igangv\u00e6rende generationsskifte i ledelsen af hjemmeplejen, er det aftalt, at centerchefen i en periode rykker t\u00e6ttere p\u00e5 hjemmeplejen. Centerchefen vil l\u00f8bende v\u00e6re p\u00e5 politistationen for at bist\u00e5 hjemmeplejens ledelse med den overordnede ledelse af hjemmeplejen, organiseringen af arbejdet &#8211;&nbsp;incl. planl\u00e6gningen af dette &#8211; hos borgerne samt opf\u00f8lgning p\u00e5 anbefalingerne fra tilsynet. Desuden vil hun have fokus p\u00e5 arbejdet i sygeplejen, da de er omdrejningspunkt for b\u00e5de medicinh\u00e5ndtering og sundhedsfaglig dokumentation. Vurderingen er, at det i en overgangsperiode er n\u00f8dvendigt for at opn\u00e5 den forn\u00f8dne fremdrift og for at f\u00e5 bedre opf\u00f8lgning p\u00e5 de organisatoriske og ledelsesm\u00e6ssige opgaver i hjemmeplejen.<\/p>\n\n\n\n<p class=\"wp-block-paragraph\"><strong>B) Mere konsekvent l\u00e6ring af og opf\u00f8lgning p\u00e5 fejl<br><\/strong>Center for Sundhed og Omsorg har i almindelighed l\u00f8ftet arbejdet med systematisk kvalitetssikring og kvalitetsudvikling i sundhedsomr\u00e5det og i \u00e6ldreplejen over de seneste \u00e5r. Centerchefen nedsatte efter sin tiltr\u00e6delse fx i 2019 et centralt Kvalitetsr\u00e5d, som arbejder systematisk med udvikling af den faglige kvalitet p\u00e5 enhederne. Det g\u00f8res bl.a. ved at udarbejde procedurer og arbejdsgange mhp. at sikre, at alle arbejder ud fra nyeste faglige viden og ved at undervise medarbejderne indenfor udvalgte faglige omr\u00e5der \u2013 i 2020 fx palliation og forebyggelse af urinvejsinfektion. Derudover arbejder Center for Sundhed og Omsorg med l\u00e6ring som f\u00f8lge af klager og utilsigtede h\u00e6ndelser, medicin-audit og journalaudit, hvor medarbejderne gennemg\u00e5r hinandens medicindosering eller dokumentation, og man p\u00e5 baggrund af dette arbejder med at forebygge fejl og mangler.<\/p>\n\n\n\n<p class=\"wp-block-paragraph\">Vurderingen er, at hjemmeplejen p\u00e5 nogle omr\u00e5der har brug for en opstramning i dette systematiske, m\u00e5lrettede kvalitetssikrings- og kvalitetsudviklingsarbejde, hvorfor arbejdet og organiseringen heraf genbes\u00f8ges, under ledelse af centerchefen.<\/p>\n\n\n\n<p class=\"wp-block-paragraph\"><strong>C) N\u00e6rmere vurdering af sygepleje-normeringen<br><\/strong>Opgaveglidningen fra sygehusene, og stigningen i antallet af (syge)plejekr\u00e6vende \u00e6ldre sker l\u00f8bende. Men ressourcerne til sygeplejen er imidlertid ikke demografi-reguleret, s\u00e5dan som udgifterne til daginstitutioner, skoleelever og \u00e6ldre p\u00e5 plejehjem ellers er det. Konsekvensen er, at presset p\u00e5 sygeplejen er steget de seneste \u00e5r. I b\u00e5de budget 2021-2024 og 2022-2025 blev der afsat 420.000 kr. \u00e5rligt til opnormering af aftensygeplejerskerne. Disse opnormeringer er af administrationen indfaset med det samme, da behovet herfor var \u00f8jeblikkeligt. Den \u00f8vrige sygepleje-normering er imidlertid ikke blevet justeret, og vurderingen er, at hjemmeplejens arbejde med fx medicinh\u00e5ndtering og sundhedsfaglige dokumentation er presset delvist som f\u00f8lge af (for) lav sygeplejerske-normering.<\/p>\n\n\n\n<p class=\"wp-block-paragraph\">Administrationen agter at unders\u00f8ge normeringen i sammenligning med \u00f8vrige nordsj\u00e6llandske\/sammenlignelige kommuners sygeplejerske-normering, og afrapportere denne for SSU med henblik p\u00e5 dr\u00f8ftelse af serviceniveauet. Herudover vil administrationen vurdere konkret, om der er forhold ved organiseringen eller opgavevaretagelsen, der kan justeres.<\/p>\n\n\n\n<p class=\"wp-block-paragraph\"><strong>D) Generationsskifte i hjemmeplejen<br><\/strong>Udfordringerne kommer p\u00e5 et tidspunkt, hvor hjemmeplejen er i gang med et generationsskifte. To af de fem ledere er netop g\u00e5et p\u00e5 pension og en tredje n\u00e6rmer sig. Der er rekrutteret en ny leder af hjemmeplejen, som starter den 1. december 2021. Der er konstitueret en leder af aften\/nat hjemmeplejen, og processen med fastans\u00e6ttelse er ligeledes i gang.<\/p>\n\n\n\n<p class=\"wp-block-paragraph\">Foruden, at centerchefen rykker t\u00e6ttere p\u00e5 (jf. ovenfor), er opgaveportef\u00f8ljen for hjemmeplejens ledelse blevet reduceret og fokuseret. Ledelsen af visitationen og de midlertidige pladser ligger s\u00e5ledes ikke l\u00e6ngere i hjemmeplejen. Den nye hjemmepleje-ledelse kan s\u00e5ledes, sammen med centerchefen, s\u00e6tte fokus 100% p\u00e5 hjemmeplejen. Herudover samles ledelsen af hjemmeplejen p\u00e5 politistationen, s\u00e5 ledelsen foreg\u00e5r hvor medarbej\u00adderne er.<\/p>\n\n\n\n<p class=\"wp-block-paragraph\"><strong>E) Punkt-for-punkt plan for opf\u00f8lgning p\u00e5 tilsynsrapporten<br><\/strong>Det frivillige, uafh\u00e6ngige, uanmeldte tilsyn, som kommunen har iv\u00e6rksat som supplement til de ordin\u00e6re tilsyn fra Styrelsen for Patientsikkerhed, gennemf\u00f8res for at fremme god kvalitet i hjemmeplejen, og forebygge fejl og problemer. Den foreliggende tilsynsrapport peger p\u00e5 en r\u00e6kke konkrete udfordringer og problemer, som skal h\u00e5ndteres b\u00e5de \u00f8jeblikkeligt og gennem en l\u00e6ngere udviklingsproces.<\/p>\n\n\n\n<p class=\"wp-block-paragraph\">Hjemmeplejen og administrationen har i samarbejde udarbejdet en punkt-for-punkt plan for opf\u00f8lgning p\u00e5 tilsynsrapporten, s\u00e5 kvaliteten kan l\u00f8ftes. Punkt-for-punktplanen er vedlagt som bilag 2. Administrationen foresl\u00e5r, at der kvartalsvis for SSU forel\u00e6gges en sag med status p\u00e5 fremdriften i den samlede handleplan og punkt-for-punkt planen, indtil indsatserne er gennemf\u00f8rt og kvaliteten er l\u00f8ftet.<\/p>\n\n\n\n<p class=\"wp-block-paragraph\"><strong>Skal de frivillige, uafh\u00e6ngige og uanmeldte tilsyn forts\u00e6tte?<\/strong><\/p>\n\n\n\n<p class=\"wp-block-paragraph\">Aftalen med BDO om frivillige, uafh\u00e6ngige og uanmeldte tilsyn udl\u00f8ber med udgangen af 2021. Administrationen vil senere freml\u00e6gge en sag for SSU med indstilling om hvordan der arbejdes videre med tilsynene.<\/p>\n\n\n\n<p class=\"wp-block-paragraph\">L\u00e6s handleplanen og den politiske sagsfremstilling her: <a href=\"https:\/\/dagsordener.horsholm.dk\/vis?id=b744f7aa-c66b-4dbe-8956-4b2de1398975\">Social- og Seniorudvalget &#8211; MC13 (horsholm.dk)<\/a>.<\/p>\n","protected":false},"excerpt":{"rendered":"<p>Af Peter Brandi \u2013 Foto: Peter Brand\u00a9 I en ny tilsynsrapport kritiseres hjemmeplejen for arbejdet med medicinh\u00e5ndtering, sundhedsfaglig dokumentation og for borgernes oplevelse af praktisk bistand. Social- og Seniorudvalget godkendte p\u00e5 sit ekstraordin\u00e6re m\u00f8de den 12. november 2021 forslag til en handleplan for opf\u00f8lgning p\u00e5 tilsynet med hjemmeplejen. Social- og Seniorudvalget behandlede p\u00e5 et ekstraordin\u00e6rt&hellip;<\/p>\n","protected":false},"author":1,"featured_media":4456,"comment_status":"closed","ping_status":"closed","sticky":false,"template":"","format":"standard","meta":{"_monsterinsights_skip_tracking":false,"footnotes":""},"categories":[5,8],"tags":[],"class_list":["post-4455","post","type-post","status-publish","format-standard","has-post-thumbnail","hentry","category-byraadet","category-sundhed"],"_links":{"self":[{"href":"https:\/\/xn--hrsholmnyheder-qqb.dk\/index.php?rest_route=\/wp\/v2\/posts\/4455","targetHints":{"allow":["GET"]}}],"collection":[{"href":"https:\/\/xn--hrsholmnyheder-qqb.dk\/index.php?rest_route=\/wp\/v2\/posts"}],"about":[{"href":"https:\/\/xn--hrsholmnyheder-qqb.dk\/index.php?rest_route=\/wp\/v2\/types\/post"}],"author":[{"embeddable":true,"href":"https:\/\/xn--hrsholmnyheder-qqb.dk\/index.php?rest_route=\/wp\/v2\/users\/1"}],"replies":[{"embeddable":true,"href":"https:\/\/xn--hrsholmnyheder-qqb.dk\/index.php?rest_route=%2Fwp%2Fv2%2Fcomments&post=4455"}],"version-history":[{"count":1,"href":"https:\/\/xn--hrsholmnyheder-qqb.dk\/index.php?rest_route=\/wp\/v2\/posts\/4455\/revisions"}],"predecessor-version":[{"id":4458,"href":"https:\/\/xn--hrsholmnyheder-qqb.dk\/index.php?rest_route=\/wp\/v2\/posts\/4455\/revisions\/4458"}],"wp:featuredmedia":[{"embeddable":true,"href":"https:\/\/xn--hrsholmnyheder-qqb.dk\/index.php?rest_route=\/wp\/v2\/media\/4456"}],"wp:attachment":[{"href":"https:\/\/xn--hrsholmnyheder-qqb.dk\/index.php?rest_route=%2Fwp%2Fv2%2Fmedia&parent=4455"}],"wp:term":[{"taxonomy":"category","embeddable":true,"href":"https:\/\/xn--hrsholmnyheder-qqb.dk\/index.php?rest_route=%2Fwp%2Fv2%2Fcategories&post=4455"},{"taxonomy":"post_tag","embeddable":true,"href":"https:\/\/xn--hrsholmnyheder-qqb.dk\/index.php?rest_route=%2Fwp%2Fv2%2Ftags&post=4455"}],"curies":[{"name":"wp","href":"https:\/\/api.w.org\/{rel}","templated":true}]}}