{"id":4752,"date":"2022-04-29T12:49:35","date_gmt":"2022-04-29T11:49:35","guid":{"rendered":"https:\/\/xn--hrsholmnyheder-qqb.dk\/?p=4752"},"modified":"2022-04-29T12:49:35","modified_gmt":"2022-04-29T11:49:35","slug":"den-nye-pavillon-i-ulvemosehuset-indvies-onsdag-den-4-maj","status":"publish","type":"post","link":"https:\/\/xn--hrsholmnyheder-qqb.dk\/?p=4752","title":{"rendered":"Den nye pavillon i Ulvemosehuset indvies onsdag den 4. maj"},"content":{"rendered":"\n<p class=\"wp-block-paragraph\"><em>Af Peter Brandi &#8211; Pressefoto af pavillonen<\/em><\/p>\n\n\n\n<div class=\"wp-block-image\"><figure class=\"alignright size-full is-resized\"><img loading=\"lazy\" decoding=\"async\" src=\"https:\/\/xn--hrsholmnyheder-qqb.dk\/wp-content\/uploads\/2022\/04\/Maj_Portraet-res.jpg\" alt=\"\" class=\"wp-image-4754\" width=\"149\" height=\"199\" srcset=\"https:\/\/xn--hrsholmnyheder-qqb.dk\/wp-content\/uploads\/2022\/04\/Maj_Portraet-res.jpg 675w, https:\/\/xn--hrsholmnyheder-qqb.dk\/wp-content\/uploads\/2022\/04\/Maj_Portraet-res-225x300.jpg 225w, https:\/\/xn--hrsholmnyheder-qqb.dk\/wp-content\/uploads\/2022\/04\/Maj_Portraet-res-9x12.jpg 9w, https:\/\/xn--hrsholmnyheder-qqb.dk\/wp-content\/uploads\/2022\/04\/Maj_Portraet-res-291x388.jpg 291w\" sizes=\"auto, (max-width: 149px) 100vw, 149px\" \/><figcaption><em>Formand for B\u00f8rne- og Skoleudvalget Maj Allin Thorup (C)<\/em><\/figcaption><\/figure><\/div>\n\n\n\n<p class=\"wp-block-paragraph\">\u201c<em>Den 4. maj indvier vi den nye flotte pavillon ved Ulvemosehuset. Det ser jeg virkelig frem til! B\u00f8rn og medarbejdere f\u00e5r nogle rigtig fine nye lokaler med sp\u00e6ndende aktivitetsrum, godt med plads og gode lysforhold,<\/em>\u201d siger formand for B\u00f8rne- og Skoleudvalget Maj Allin Thorup (C).<\/p>\n\n\n\n<p class=\"wp-block-paragraph\">\u201d<em>Og s\u00e5 er det Blomstens Dag, hvor for\u00e6ldre og bedstefor\u00e6ldre kommer og er med til at plante nye krydderurter og blomster. Det er f\u00f8rste gang siden corona, der kommer et socialt arrangement. S\u00e5 der er mange ting at gl\u00e6de sig over den 4. maj.<\/em>\u201d<\/p>\n\n\n\n<p class=\"wp-block-paragraph\">Ulvemosehuset har f\u00e5et opstillet en ny pavillon for at huse flere b\u00f8rn og f\u00e5 plads til et aktivitetsrum. Medarbejdere og b\u00f8rn er allerede i gang med at indrette, og der er stor begejstring at spore.<\/p>\n\n\n\n<p class=\"wp-block-paragraph\">Ragna, der er medarbejder i Ulvemosehuset, skal have sin nye hverdag i pavillonen: \u201d<em>Sammen med b\u00f8rnene er vi allerede i gang med at indrette. Og her er s\u00e5 dejlig meget plads. Vi f\u00e5r luft omkring os og det giver rum for ro og fordybelse \u2013 og vilde lege!<\/em>\u201d<\/p>\n\n\n\n<p class=\"wp-block-paragraph\">Susanne er ogs\u00e5 medarbejder og har v\u00e6ret en del af forl\u00f8bet med at tegne og indrette p\u00e5 papiret: \u201d<em>Det er et fantastisk hus med lys og luft, og det er s\u00e5 godt, at det nu virkelig er her. Det er super med k\u00f8kkener p\u00e5 stuen, s\u00e5 b\u00f8rnene fx selv er med til at putte i opvaskemaskinen og dermed er en del af den daglige rutine. Det \u00f8ger selvhjulpenhed og giver ogs\u00e5 nogle nye p\u00e6dagogiske muligheder.<\/em>\u201d<\/p>\n\n\n\n<p class=\"wp-block-paragraph\">Pavillonen huser to b\u00f8rnehavegrupper, og resten af huset kan naturligvis ogs\u00e5 benytte det nye aktivitetsrum.<\/p>\n","protected":false},"excerpt":{"rendered":"<p>Af Peter Brandi &#8211; Pressefoto af pavillonen Formand for B\u00f8rne- og Skoleudvalget Maj Allin Thorup (C) \u201cDen 4. maj indvier vi den nye flotte pavillon ved Ulvemosehuset. Det ser jeg virkelig frem til! B\u00f8rn og medarbejdere f\u00e5r nogle rigtig fine nye lokaler med sp\u00e6ndende aktivitetsrum, godt med plads og gode lysforhold,\u201d siger formand for B\u00f8rne-&hellip;<\/p>\n","protected":false},"author":1,"featured_media":4753,"comment_status":"closed","ping_status":"closed","sticky":false,"template":"","format":"standard","meta":{"_monsterinsights_skip_tracking":false,"footnotes":""},"categories":[10],"tags":[],"class_list":["post-4752","post","type-post","status-publish","format-standard","has-post-thumbnail","hentry","category-boern-og-skole"],"_links":{"self":[{"href":"https:\/\/xn--hrsholmnyheder-qqb.dk\/index.php?rest_route=\/wp\/v2\/posts\/4752","targetHints":{"allow":["GET"]}}],"collection":[{"href":"https:\/\/xn--hrsholmnyheder-qqb.dk\/index.php?rest_route=\/wp\/v2\/posts"}],"about":[{"href":"https:\/\/xn--hrsholmnyheder-qqb.dk\/index.php?rest_route=\/wp\/v2\/types\/post"}],"author":[{"embeddable":true,"href":"https:\/\/xn--hrsholmnyheder-qqb.dk\/index.php?rest_route=\/wp\/v2\/users\/1"}],"replies":[{"embeddable":true,"href":"https:\/\/xn--hrsholmnyheder-qqb.dk\/index.php?rest_route=%2Fwp%2Fv2%2Fcomments&post=4752"}],"version-history":[{"count":1,"href":"https:\/\/xn--hrsholmnyheder-qqb.dk\/index.php?rest_route=\/wp\/v2\/posts\/4752\/revisions"}],"predecessor-version":[{"id":4755,"href":"https:\/\/xn--hrsholmnyheder-qqb.dk\/index.php?rest_route=\/wp\/v2\/posts\/4752\/revisions\/4755"}],"wp:featuredmedia":[{"embeddable":true,"href":"https:\/\/xn--hrsholmnyheder-qqb.dk\/index.php?rest_route=\/wp\/v2\/media\/4753"}],"wp:attachment":[{"href":"https:\/\/xn--hrsholmnyheder-qqb.dk\/index.php?rest_route=%2Fwp%2Fv2%2Fmedia&parent=4752"}],"wp:term":[{"taxonomy":"category","embeddable":true,"href":"https:\/\/xn--hrsholmnyheder-qqb.dk\/index.php?rest_route=%2Fwp%2Fv2%2Fcategories&post=4752"},{"taxonomy":"post_tag","embeddable":true,"href":"https:\/\/xn--hrsholmnyheder-qqb.dk\/index.php?rest_route=%2Fwp%2Fv2%2Ftags&post=4752"}],"curies":[{"name":"wp","href":"https:\/\/api.w.org\/{rel}","templated":true}]}}