{"id":5077,"date":"2023-01-06T12:46:06","date_gmt":"2023-01-06T11:46:06","guid":{"rendered":"https:\/\/xn--hrsholmnyheder-qqb.dk\/?p=5077"},"modified":"2023-01-06T12:46:06","modified_gmt":"2023-01-06T11:46:06","slug":"saet-kulturdagen-fri","status":"publish","type":"post","link":"https:\/\/xn--hrsholmnyheder-qqb.dk\/?p=5077","title":{"rendered":"S\u00e6t kulturdagen fri\u00a0"},"content":{"rendered":"\n<p class=\"wp-block-paragraph\"><em>Ann Lindhardt, Gruppeformand (V) medlem af kommunalbestyrelsen og Sports-, sundhed- og kulturudvalget<\/em> &#8211; <em>Foto: Peter Brandi\u00a9<\/em><\/p>\n\n\n\n<p class=\"wp-block-paragraph\">Kulturen skal s\u00e6ttes fri, og kulturdagen skal afvikles p\u00e5 en ny m\u00e5de. Kulturdagen v\u00e6k fra det traditionelle kommunale regi og l\u00e5ste politiske rammer. Det skal v\u00e6re borgernes kulturdag med langt mere medindflydelse og involvering. Det har l\u00e6nge v\u00e6ret et \u00f8nske fra Venstre at s\u00e6tte kulturen mere fri &#8211; ogs\u00e5 kulturdagen. Den liberale tankegang, hvor borgerne har mere medbestemmelse og medindflydelse.&nbsp;<\/p>\n\n\n\n<p class=\"wp-block-paragraph\">Kulturlivet, kulturvirksomhederne og borgerne skal have flere incitamenter til at s\u00e6tte retning for kulturlivet, og hvordan det skal udvikles. N\u00e5r den l\u00e6nge ventede kulturpolitik skal udarbejdes, skal det v\u00e6re med en ambiti\u00f8s tilgang, der netop kan l\u00f8fte og udvikle kulturen der s\u00e6tter frivillige, kulturerhvervene og kulturinitiativtagerne mere frit. Vi skal fjerne barrierer, s\u00e5 det bliver mere enkelt for b\u00e5de sm\u00e5 og store akt\u00f8rer at f\u00e5 godkendt og kunne gennemf\u00f8re sp\u00e6ndende nye kulturbegivenheder og projekter.<\/p>\n\n\n\n<p class=\"wp-block-paragraph\">Derfor b\u00f8r vi se kulturomr\u00e5det feks ogs\u00e5 som et aktivt forretningsomr\u00e5de og et erhverv, der b\u00e5de skaber stor \u00f8konomisk v\u00e6rdi i sig selv, der samtidig bidrager til den lokale turisme, erhvervsliv og de demokratiske samtaler.&nbsp;<\/p>\n\n\n\n<p class=\"wp-block-paragraph\">Venstres prioriterer Kultur til de mange og ikke de f\u00e5. Kultur er med til at sikre nye generationers demokratiske dannelse.&nbsp;Derfor er det afg\u00f8rende, at vi har en kulturpolitik, som skaber bedre vilk\u00e5r for, at kunst og kultur kan blomstre og berige borgernes liv. Et godt kulturliv er en foruds\u00e6tning for et st\u00e6rkt nationalt og lokalt f\u00e6llesskab og f\u00e5 et bedre kendskab til vores v\u00e6rdier.<\/p>\n\n\n\n<p class=\"wp-block-paragraph\">Kultur og kreativitet lever i de lokale f\u00e6llesskaber og er p\u00e5 mange m\u00e5der en l\u00f8ftestang for det gode liv. Kultur skaber indhold, det styrker f\u00e6llesskabet og sundheden \u2013 og det former lokalomr\u00e5dets identitet.<\/p>\n\n\n\n<p class=\"wp-block-paragraph\">Skal kulturdagen i stedet v\u00e6re en Byfest? Kulturnat? i G\u00e5gaden? Eller skal formatet v\u00e6re det samme? skal det lokale erhvervsliv v\u00e6re en st\u00f8rre medspiller? som til juletr\u00e6sfesten p\u00e5&nbsp;Ridebanen som var et private imponerende initiativ.&nbsp;<\/p>\n\n\n\n<p class=\"wp-block-paragraph\">Der er nu opstartet indledende dialog om fremtidige Kulturdag, hvor borgere, foreninger, erhvervsliv og andre interesserede m\u00f8des. Det er vigtigt at starte processen med de lokale kulturakt\u00f8rer, erhvervslivet, frivillige borgere til et samarbejde om at arrangere Kulturdag 2023, der skal s\u00e6tte retning for proces og format.&nbsp;&nbsp;Flere Ildsj\u00e6le og interesserede kan stadig melde sig til.&nbsp;<\/p>\n","protected":false},"excerpt":{"rendered":"<p>Ann Lindhardt, Gruppeformand (V) medlem af kommunalbestyrelsen og Sports-, sundhed- og kulturudvalget &#8211; Foto: Peter Brandi\u00a9 Kulturen skal s\u00e6ttes fri, og kulturdagen skal afvikles p\u00e5 en ny m\u00e5de. Kulturdagen v\u00e6k fra det traditionelle kommunale regi og l\u00e5ste politiske rammer. Det skal v\u00e6re borgernes kulturdag med langt mere medindflydelse og involvering. Det har l\u00e6nge v\u00e6ret et&hellip;<\/p>\n","protected":false},"author":1,"featured_media":5078,"comment_status":"closed","ping_status":"closed","sticky":false,"template":"","format":"standard","meta":{"_monsterinsights_skip_tracking":false,"footnotes":""},"categories":[29,25],"tags":[],"class_list":["post-5077","post","type-post","status-publish","format-standard","has-post-thumbnail","hentry","category-debat","category-politik"],"_links":{"self":[{"href":"https:\/\/xn--hrsholmnyheder-qqb.dk\/index.php?rest_route=\/wp\/v2\/posts\/5077","targetHints":{"allow":["GET"]}}],"collection":[{"href":"https:\/\/xn--hrsholmnyheder-qqb.dk\/index.php?rest_route=\/wp\/v2\/posts"}],"about":[{"href":"https:\/\/xn--hrsholmnyheder-qqb.dk\/index.php?rest_route=\/wp\/v2\/types\/post"}],"author":[{"embeddable":true,"href":"https:\/\/xn--hrsholmnyheder-qqb.dk\/index.php?rest_route=\/wp\/v2\/users\/1"}],"replies":[{"embeddable":true,"href":"https:\/\/xn--hrsholmnyheder-qqb.dk\/index.php?rest_route=%2Fwp%2Fv2%2Fcomments&post=5077"}],"version-history":[{"count":1,"href":"https:\/\/xn--hrsholmnyheder-qqb.dk\/index.php?rest_route=\/wp\/v2\/posts\/5077\/revisions"}],"predecessor-version":[{"id":5079,"href":"https:\/\/xn--hrsholmnyheder-qqb.dk\/index.php?rest_route=\/wp\/v2\/posts\/5077\/revisions\/5079"}],"wp:featuredmedia":[{"embeddable":true,"href":"https:\/\/xn--hrsholmnyheder-qqb.dk\/index.php?rest_route=\/wp\/v2\/media\/5078"}],"wp:attachment":[{"href":"https:\/\/xn--hrsholmnyheder-qqb.dk\/index.php?rest_route=%2Fwp%2Fv2%2Fmedia&parent=5077"}],"wp:term":[{"taxonomy":"category","embeddable":true,"href":"https:\/\/xn--hrsholmnyheder-qqb.dk\/index.php?rest_route=%2Fwp%2Fv2%2Fcategories&post=5077"},{"taxonomy":"post_tag","embeddable":true,"href":"https:\/\/xn--hrsholmnyheder-qqb.dk\/index.php?rest_route=%2Fwp%2Fv2%2Ftags&post=5077"}],"curies":[{"name":"wp","href":"https:\/\/api.w.org\/{rel}","templated":true}]}}