{"id":955,"date":"2019-10-11T16:18:58","date_gmt":"2019-10-11T15:18:58","guid":{"rendered":"http:\/\/xn--hrsholmnyheder-qqb.dk\/?p=955"},"modified":"2019-10-11T16:18:58","modified_gmt":"2019-10-11T15:18:58","slug":"saa-fejres-svoemmehallens-40-aars-foedselsdag","status":"publish","type":"post","link":"https:\/\/xn--hrsholmnyheder-qqb.dk\/?p=955","title":{"rendered":"S\u00e5 fejres Sv\u00f8mmehallens 40-\u00e5rs f\u00f8dselsdag"},"content":{"rendered":"\n<p class=\"wp-block-paragraph\"><em>Af Peter Brandi &#8211; Foto: Peter Brandi\u00a9<\/em><\/p>\n\n\n\n<div class=\"wp-block-image\"><figure class=\"alignright is-resized\"><img loading=\"lazy\" decoding=\"async\" src=\"https:\/\/xn--hrsholmnyheder-qqb.dk\/wp-content\/uploads\/2019\/10\/Sv\u00f8mmer-p\u00e5-bro-768x1024.jpg\" alt=\"\" class=\"wp-image-957\" width=\"220\" height=\"293\" srcset=\"https:\/\/xn--hrsholmnyheder-qqb.dk\/wp-content\/uploads\/2019\/10\/Sv\u00f8mmer-p\u00e5-bro.jpg 768w, https:\/\/xn--hrsholmnyheder-qqb.dk\/wp-content\/uploads\/2019\/10\/Sv\u00f8mmer-p\u00e5-bro-225x300.jpg 225w, https:\/\/xn--hrsholmnyheder-qqb.dk\/wp-content\/uploads\/2019\/10\/Sv\u00f8mmer-p\u00e5-bro-291x388.jpg 291w\" sizes=\"auto, (max-width: 220px) 100vw, 220px\" \/><figcaption><em>Sv\u00f8mmehallen ved en livredderpr\u00f8ve &#8211; Arkivfoto<\/em><\/figcaption><\/figure><\/div>\n\n\n\n<h4 class=\"wp-block-heading\">Tirsdag den 15. oktober holdes der f\u00f8dselsdag for Sv\u00f8mmehallen, med gratis adgang hele dagen.<\/h4>\n\n\n\n<p class=\"wp-block-paragraph\">Den rigtige f\u00f8dselsdag var den 15. september, men der er en vis logik i, at holde f\u00f8dselsdagen i  efter\u00e5rsferien. <\/p>\n\n\n\n<p class=\"wp-block-paragraph\"><strong>Programmet for dagen ser s\u00e5ledes ud:<\/strong><\/p>\n\n\n\n<p class=\"wp-block-paragraph\">Kl. 08.00 \u2013 09.00 Morgenmad i badet\u00f8j (ved bassinkanten)<\/p>\n\n\n\n<p class=\"wp-block-paragraph\">Kl. 10.30 \u2013 11.00 Aquadance for hele familien<\/p>\n\n\n\n<p class=\"wp-block-paragraph\">Kl. 11.00 \u2013 11.00 Bombekonkurrence for alle aldre (aldersopdelt)<\/p>\n\n\n\n<p class=\"wp-block-paragraph\">Kl. 11.30 \u2013 11.40 Udspring udf\u00f8rt af lokale t\u00e5rnspringere<\/p>\n\n\n\n<div class=\"wp-block-image\"><figure class=\"alignleft is-resized\"><img loading=\"lazy\" decoding=\"async\" src=\"https:\/\/xn--hrsholmnyheder-qqb.dk\/wp-content\/uploads\/2019\/10\/190907-Kulturdag-p\u00e5-Ridebanen-133-res-1.jpg\" alt=\"\" class=\"wp-image-958\" width=\"202\" height=\"303\" srcset=\"https:\/\/xn--hrsholmnyheder-qqb.dk\/wp-content\/uploads\/2019\/10\/190907-Kulturdag-p\u00e5-Ridebanen-133-res-1.jpg 600w, https:\/\/xn--hrsholmnyheder-qqb.dk\/wp-content\/uploads\/2019\/10\/190907-Kulturdag-p\u00e5-Ridebanen-133-res-1-200x300.jpg 200w\" sizes=\"auto, (max-width: 202px) 100vw, 202px\" \/><figcaption><em>Udvalgsformand for Sport- Fritid- og Kulturudvalget<\/em><\/figcaption><\/figure><\/div>\n\n\n\n<p class=\"wp-block-paragraph\">Kl. 11.40 \u2013 12.00 Jubil\u00e6umskage og f\u00e6lles f\u00f8dselsdagssang ved Nadja Hageskov, udvalgsformand for Sport-, Fritid- og Kulturudvalget (ved bassinkanten)\u00a0<\/p>\n\n\n\n<p class=\"wp-block-paragraph\">Kl. 12.00 \u2013 13.00 H\u00f8rsholm sv\u00f8mmeforening giver gode r\u00e5d om sv\u00f8mmeteknik<\/p>\n\n\n\n<p class=\"wp-block-paragraph\">Der vil l\u00f8bende v\u00e6re andre sjove aktiviteter: fx skattejagt\nefter sm\u00e5 genstande p\u00e5 bassinets bund, som kan veksles til slik.<\/p>\n\n\n\n<p class=\"wp-block-paragraph\">Der er lagt op til en sjov dag i efter\u00e5rsferien for store og\nsm\u00e5.<\/p>\n\n\n\n<p class=\"wp-block-paragraph\">Hvis du ikke fik l\u00e6st vores artikel om \u00e5bningen af\nSv\u00f8mmehallen i 1979 kan du klikke p\u00e5 dette link: <a href=\"https:\/\/h\u00f8rsholmnyheder.dk\/?p=523\">Sv\u00f8mmehallens \u00e5bningsfest<\/a><\/p>\n","protected":false},"excerpt":{"rendered":"<p>Af Peter Brandi &#8211; Foto: Peter Brandi\u00a9 Sv\u00f8mmehallen ved en livredderpr\u00f8ve &#8211; Arkivfoto Tirsdag den 15. oktober holdes der f\u00f8dselsdag for Sv\u00f8mmehallen, med gratis adgang hele dagen. Den rigtige f\u00f8dselsdag var den 15. september, men der er en vis logik i, at holde f\u00f8dselsdagen i efter\u00e5rsferien. Programmet for dagen ser s\u00e5ledes ud: Kl. 08.00 \u2013&hellip;<\/p>\n","protected":false},"author":1,"featured_media":956,"comment_status":"closed","ping_status":"closed","sticky":false,"template":"","format":"standard","meta":{"_monsterinsights_skip_tracking":false,"footnotes":""},"categories":[11,31],"tags":[],"class_list":["post-955","post","type-post","status-publish","format-standard","has-post-thumbnail","hentry","category-kultur","category-sport"],"_links":{"self":[{"href":"https:\/\/xn--hrsholmnyheder-qqb.dk\/index.php?rest_route=\/wp\/v2\/posts\/955","targetHints":{"allow":["GET"]}}],"collection":[{"href":"https:\/\/xn--hrsholmnyheder-qqb.dk\/index.php?rest_route=\/wp\/v2\/posts"}],"about":[{"href":"https:\/\/xn--hrsholmnyheder-qqb.dk\/index.php?rest_route=\/wp\/v2\/types\/post"}],"author":[{"embeddable":true,"href":"https:\/\/xn--hrsholmnyheder-qqb.dk\/index.php?rest_route=\/wp\/v2\/users\/1"}],"replies":[{"embeddable":true,"href":"https:\/\/xn--hrsholmnyheder-qqb.dk\/index.php?rest_route=%2Fwp%2Fv2%2Fcomments&post=955"}],"version-history":[{"count":2,"href":"https:\/\/xn--hrsholmnyheder-qqb.dk\/index.php?rest_route=\/wp\/v2\/posts\/955\/revisions"}],"predecessor-version":[{"id":960,"href":"https:\/\/xn--hrsholmnyheder-qqb.dk\/index.php?rest_route=\/wp\/v2\/posts\/955\/revisions\/960"}],"wp:featuredmedia":[{"embeddable":true,"href":"https:\/\/xn--hrsholmnyheder-qqb.dk\/index.php?rest_route=\/wp\/v2\/media\/956"}],"wp:attachment":[{"href":"https:\/\/xn--hrsholmnyheder-qqb.dk\/index.php?rest_route=%2Fwp%2Fv2%2Fmedia&parent=955"}],"wp:term":[{"taxonomy":"category","embeddable":true,"href":"https:\/\/xn--hrsholmnyheder-qqb.dk\/index.php?rest_route=%2Fwp%2Fv2%2Fcategories&post=955"},{"taxonomy":"post_tag","embeddable":true,"href":"https:\/\/xn--hrsholmnyheder-qqb.dk\/index.php?rest_route=%2Fwp%2Fv2%2Ftags&post=955"}],"curies":[{"name":"wp","href":"https:\/\/api.w.org\/{rel}","templated":true}]}}